{"id":293,"date":"2017-10-01T12:01:22","date_gmt":"2017-10-01T10:01:22","guid":{"rendered":"https:\/\/enbau-online.ch\/energiemanagement\/fr\/?p=293"},"modified":"2021-06-10T13:15:11","modified_gmt":"2021-06-10T11:15:11","slug":"vorwort","status":"publish","type":"post","link":"https:\/\/enbau-online.ch\/energiemanagement\/fr\/vorwort\/","title":{"rendered":"Pr\u00e9ambule"},"content":{"rendered":"<p>Au cours de l\u2019\u00e9t\u00e9 2011, le Conseil f\u00e9d\u00e9ral et le Parlement ont vot\u00e9 une sortie progressive du nucl\u00e9aire, et ont formul\u00e9 des objectifs obligatoires de r\u00e9duction des \u00e9missions de gaz \u00e0 effet de serre (en particulier de CO<sub>2<\/sub>). Un v\u00e9ritable tournant \u00e9nerg\u00e9tique est donc indispensable. Dans cette optique, le Conseil f\u00e9d\u00e9ral a \u00e9labor\u00e9 une strat\u00e9gie \u00e9nerg\u00e9tique 2050. Celle-ci pr\u00e9voit, dans un premier temps, que les mesures suivantes soient mises en \u0153uvre d\u2019ici 2035:<\/p>\n<ul>\n<li>R\u00e9duire la consommation d\u2019\u00e9nergie et d\u2019\u00e9lectricit\u00e9 (promouvoir l\u2019efficacit\u00e9 \u00e9nerg\u00e9tique)<\/li>\n<li>Utiliser de plus en plus d\u2019\u00e9nergies renouvelables<\/li>\n<li>Garantir l\u2019acc\u00e8s aux march\u00e9s internationaux de l\u2019\u00e9nergie (politique ext\u00e9rieure en mati\u00e8re d\u2019\u00e9nergie)<\/li>\n<li>Transformer et \u00e9tendre les r\u00e9seaux de transport d\u2019\u00e9lectricit\u00e9 et le stockage de l\u2019\u00e9nergie<\/li>\n<li>Renforcer la recherche sur l\u2019\u00e9nergie<\/li>\n<li>Garantir la fonction d\u2019exemple des pouvoirs publics<\/li>\n<li>Promouvoir la collaboration internationale<\/li>\n<\/ul>\n<p>Jusqu\u2019en 2013, la Conf\u00e9d\u00e9ration a mis en \u0153uvre un premier train de mesures concr\u00e8tes, incluant notamment les exigences en mati\u00e8re d\u2019efficience des appareils, le programme des b\u00e2timents pour le soutien de l\u2019assainissement \u00e9nerg\u00e9tique et la recherche sur l\u2019\u00e9nergie.<\/p>\n<p>Pour diminuer nos \u00e9missions de gaz \u00e0 effet de serre et notre d\u00e9pendance aux importations, il est \u00e9galement indispensable de r\u00e9duire drastiquement notre consommation d\u2019agents \u00e9nerg\u00e9tiques fossiles. Dans ce domaine, le besoin en chaleur utile du b\u00e2timent est en ligne de mire. C\u2019est pourquoi les cantons souhaitent renforcer le Mod\u00e8le de prescription des cantons dans le domaine de l\u2019\u00e9nergie (MoPEC) de 2008. En outre, il est \u00e9galement essentiel que nous r\u00e9duisions notre consommation de carburant dans les transports.<\/p>\n<p>D\u2019ici environ 2014, d\u2019autres mesures relatives \u00e0 la strat\u00e9gie \u00e9nerg\u00e9tique 2050 devront \u00eatre d\u00e9cid\u00e9es et vot\u00e9es par les politiques. Bon nombre d\u2019entre elles concernent la consommation ou la production d\u2019\u00e9lectricit\u00e9.<\/p>\n<p>Sur les plans politique et scientifique, les d\u00e9bats ne sont toujours pas clos quant au fait de savoir quelles mesures pr\u00e9cises mettre en \u0153uvre et quelle doit \u00eatre la structure d\u00e9taill\u00e9e de la strat\u00e9gie \u00e9nerg\u00e9tique d\u2019ici 2050. Un consensus s\u2019est n\u00e9anmoins impos\u00e9 sur la question de l\u2019efficacit\u00e9 \u00e9nerg\u00e9tique: chaque kilowattheure d\u2019\u00e9nergie \u00e9conomis\u00e9 all\u00e8ge le probl\u00e8me. C\u2019est pourquoi l\u2019efficacit\u00e9 \u00e9nerg\u00e9tique doit toujours rester la premi\u00e8re de toutes les mesures. Un syst\u00e8me de management de l\u2019\u00e9nergie int\u00e9gr\u00e9 dans l\u2019exploitation et le management op\u00e9rationnel de l\u2019\u00e9nergie sont les conditions pr\u00e9alables \u00e0 une meilleure efficacit\u00e9 \u00e9nerg\u00e9tique des b\u00e2timents et des processus. Cet ouvrage doit permettre d\u2019aborder ces t\u00e2ches de fa\u00e7on syst\u00e9matique et de les mettre en \u0153uvre de fa\u00e7on correcte et m\u00e9thodique. La r\u00e9alisation de ces objectifs se traduira par un besoin en \u00e9nergie durablement r\u00e9duit ainsi que par une meilleure s\u00e9curit\u00e9 d\u2019approvisionnement, une moindre d\u00e9pendance \u00e0 l\u2019\u00e9gard de l\u2019\u00e9tranger, des \u00e9missions plus faibles et une meilleure image de l\u2019entreprise. L\u2019obtention de certificats pour un syst\u00e8me de management de l\u2019environnement et de l\u2019\u00e9nergie, ou d\u2019un label b\u00e2timent, sera facilit\u00e9e. Le management de l\u2019\u00e9nergie permettra ainsi de r\u00e9aliser des \u00e9conomies et d\u2019accro\u00eetre la valeur de l\u2019entreprise et du b\u00e2timent.<\/p>\n","protected":false},"excerpt":{"rendered":"<p>Au cours de l\u2019\u00e9t\u00e9 2011, le Conseil f\u00e9d\u00e9ral et le Parlement ont vot\u00e9 une sortie progressive du nucl\u00e9aire, et ont formul\u00e9 des objectifs obligatoires de r\u00e9duction des \u00e9missions de gaz \u00e0 effet de serre (en particulier de CO2). Un v\u00e9ritable tournant \u00e9nerg\u00e9tique est donc indispensable. Dans cette optique, le Conseil f\u00e9d\u00e9ral a \u00e9labor\u00e9 une strat\u00e9gie [&#8230;]<\/p>\n","protected":false},"author":1,"featured_media":0,"comment_status":"closed","ping_status":"closed","sticky":false,"template":"","format":"standard","meta":{"footnotes":""},"categories":[6],"tags":[],"class_list":["post-293","post","type-post","status-publish","format-standard","hentry","category-non-classifiee"],"_links":{"self":[{"href":"https:\/\/enbau-online.ch\/energiemanagement\/fr\/wp-json\/wp\/v2\/posts\/293","targetHints":{"allow":["GET"]}}],"collection":[{"href":"https:\/\/enbau-online.ch\/energiemanagement\/fr\/wp-json\/wp\/v2\/posts"}],"about":[{"href":"https:\/\/enbau-online.ch\/energiemanagement\/fr\/wp-json\/wp\/v2\/types\/post"}],"author":[{"embeddable":true,"href":"https:\/\/enbau-online.ch\/energiemanagement\/fr\/wp-json\/wp\/v2\/users\/1"}],"replies":[{"embeddable":true,"href":"https:\/\/enbau-online.ch\/energiemanagement\/fr\/wp-json\/wp\/v2\/comments?post=293"}],"version-history":[{"count":4,"href":"https:\/\/enbau-online.ch\/energiemanagement\/fr\/wp-json\/wp\/v2\/posts\/293\/revisions"}],"predecessor-version":[{"id":793,"href":"https:\/\/enbau-online.ch\/energiemanagement\/fr\/wp-json\/wp\/v2\/posts\/293\/revisions\/793"}],"wp:attachment":[{"href":"https:\/\/enbau-online.ch\/energiemanagement\/fr\/wp-json\/wp\/v2\/media?parent=293"}],"wp:term":[{"taxonomy":"category","embeddable":true,"href":"https:\/\/enbau-online.ch\/energiemanagement\/fr\/wp-json\/wp\/v2\/categories?post=293"},{"taxonomy":"post_tag","embeddable":true,"href":"https:\/\/enbau-online.ch\/energiemanagement\/fr\/wp-json\/wp\/v2\/tags?post=293"}],"curies":[{"name":"wp","href":"https:\/\/api.w.org\/{rel}","templated":true}]}}