{"id":831,"date":"2018-01-03T13:23:38","date_gmt":"2018-01-03T12:23:38","guid":{"rendered":"https:\/\/enbau-online.ch\/energiemanagement\/?p=831"},"modified":"2026-01-14T16:23:25","modified_gmt":"2026-01-14T15:23:25","slug":"5-1-energieverbrauchskontrolle","status":"publish","type":"post","link":"https:\/\/enbau-online.ch\/energiemanagement\/fr\/5-1-energieverbrauchskontrolle\/","title":{"rendered":"5.1 Contr\u00f4le de la consommation d\u2019\u00e9nergie"},"content":{"rendered":"<p>Le relev\u00e9 de la consommation d\u2019\u00e9nergie doit s\u2019effectuer en fonction de l\u2019objectif d\u2019utilisation. Il faut donc en conna\u00eetre la r\u00e9partition. Dans le cas de la consommation d\u2019\u00e9lectricit\u00e9, cela peut s\u2019effectuer \u00e0 l\u2019aide de compteurs priv\u00e9s, pour la consommation de chaleur \u00e0 l\u2019aide de compteurs de chaleur. Dans l\u2019id\u00e9al, ces informations doivent \u00eatre tenues \u00e0 disposition via le syst\u00e8me de gestion centralis\u00e9e ou un syst\u00e8me de mesure s\u00e9par\u00e9. Cette th\u00e9matique est trait\u00e9e de fa\u00e7on approfondie dans le chapitre \u00abConcepts de mesure\u00bb (voir le <a href=\"\/energiemanagement\/fr\/6-3-messkonzepte\">chap. 6.3<\/a>).<\/p>\n<p>La r\u00e9partition minimale pourrait \u00eatre la suivante:<\/p>\n<ul>\n<li>Consommation de chaleur par b\u00e2timent, s\u00e9par\u00e9ment pour l\u2019eau chaude et pour les gros consommateurs (p.\u2006ex.\u2006piscine couverte). L\u2019id\u00e9al serait \u00e9galement de relever la consommation de chaleur pour les installations de ventilation. Cette r\u00e9partition peut, sous certaines restrictions, \u00e9galement s\u2019effectuer \u00e0 l\u2019aide de calculs et de mesures momentan\u00e9es, tels qu\u2019ils peuvent \u00eatre r\u00e9alis\u00e9s par un sp\u00e9cialiste en \u00e9nergie.<\/li>\n<li>Consommation d&rsquo;\u00e9lectricit\u00e9 par b\u00e2timent, s\u00e9par\u00e9ment pour la production de chaleur et \u00e9ventuellement l&rsquo;eau chaude, s\u00e9par\u00e9ment pour le froid (parfois obligatoire), s\u00e9par\u00e9\u00adment pour la ventilation (calcul \u00e9gale\u00adment possible ici), s\u00e9par\u00e9ment pour les gros consommateurs (production) et la\u00a0cuisine.<\/li>\n<\/ul>\n<p>Cette r\u00e9partition permet de d\u00e9finir les principaux indicateurs de la consommation d\u2019\u00e9nergie pour chaque b\u00e2timent.<\/p>\n<p>Plus la consommation d&rsquo;\u00e9nergie est r\u00e9\u00adpartie de fa\u00e7on d\u00e9taill\u00e9e, plus il est possible de tirer des conclusions et de r\u00e9aliser un contr\u00f4le des r\u00e9sultats. L&rsquo;\u00e9volution des indicateurs montre la variation de la consommation d&rsquo;\u00e9nergie au cours du temps et permet d&rsquo;identifier des facteurs \u00add&rsquo;influence, par exemple si un nouvel appareil ou une mesure influe sur la consommation d&rsquo;\u00e9nergie (et comment) ou non. Ceci, \u00e0 son tour, influe sur les co\u00fbts de l&rsquo;\u00e9nergie.<\/p>\n","protected":false},"excerpt":{"rendered":"<p>Le relev\u00e9 de la consommation d\u2019\u00e9nergie doit s\u2019effectuer en fonction de l\u2019objectif d\u2019utilisation. Il faut donc en conna\u00eetre la r\u00e9partition. Dans le cas de la consommation d\u2019\u00e9lectricit\u00e9, cela peut s\u2019effectuer \u00e0 l\u2019aide de compteurs priv\u00e9s, pour la consommation de chaleur \u00e0 l\u2019aide de compteurs de chaleur. Dans l\u2019id\u00e9al, ces informations doivent \u00eatre tenues \u00e0 disposition [&#8230;]<\/p>\n","protected":false},"author":1,"featured_media":0,"comment_status":"closed","ping_status":"closed","sticky":false,"template":"","format":"standard","meta":{"footnotes":""},"categories":[6],"tags":[],"class_list":["post-831","post","type-post","status-publish","format-standard","hentry","category-non-classifiee"],"_links":{"self":[{"href":"https:\/\/enbau-online.ch\/energiemanagement\/fr\/wp-json\/wp\/v2\/posts\/831","targetHints":{"allow":["GET"]}}],"collection":[{"href":"https:\/\/enbau-online.ch\/energiemanagement\/fr\/wp-json\/wp\/v2\/posts"}],"about":[{"href":"https:\/\/enbau-online.ch\/energiemanagement\/fr\/wp-json\/wp\/v2\/types\/post"}],"author":[{"embeddable":true,"href":"https:\/\/enbau-online.ch\/energiemanagement\/fr\/wp-json\/wp\/v2\/users\/1"}],"replies":[{"embeddable":true,"href":"https:\/\/enbau-online.ch\/energiemanagement\/fr\/wp-json\/wp\/v2\/comments?post=831"}],"version-history":[{"count":3,"href":"https:\/\/enbau-online.ch\/energiemanagement\/fr\/wp-json\/wp\/v2\/posts\/831\/revisions"}],"predecessor-version":[{"id":1429,"href":"https:\/\/enbau-online.ch\/energiemanagement\/fr\/wp-json\/wp\/v2\/posts\/831\/revisions\/1429"}],"wp:attachment":[{"href":"https:\/\/enbau-online.ch\/energiemanagement\/fr\/wp-json\/wp\/v2\/media?parent=831"}],"wp:term":[{"taxonomy":"category","embeddable":true,"href":"https:\/\/enbau-online.ch\/energiemanagement\/fr\/wp-json\/wp\/v2\/categories?post=831"},{"taxonomy":"post_tag","embeddable":true,"href":"https:\/\/enbau-online.ch\/energiemanagement\/fr\/wp-json\/wp\/v2\/tags?post=831"}],"curies":[{"name":"wp","href":"https:\/\/api.w.org\/{rel}","templated":true}]}}