{"id":893,"date":"2018-01-04T10:49:57","date_gmt":"2018-01-04T09:49:57","guid":{"rendered":"https:\/\/enbau-online.ch\/energiemanagement\/?p=893"},"modified":"2026-01-14T15:59:05","modified_gmt":"2026-01-14T14:59:05","slug":"7-9-luftqualitaet","status":"publish","type":"post","link":"https:\/\/enbau-online.ch\/energiemanagement\/fr\/7-9-luftqualitaet\/","title":{"rendered":"7.9 Qualit\u00e9 de l\u2019air"},"content":{"rendered":"<p>La mesure continue de la qualit\u00e9 de l\u2019air est la condition d\u2019une ventilation ambiante conforme aux besoins, qui permet d\u2019optimiser le confort et la consommation d\u2019\u00e9nergie. Le type de pollution de l\u2019air d\u00e9cide du capteur utilis\u00e9. Dans un restaurant par exemple, le CO<sub>2<\/sub> ne peut pas \u00eatre utilis\u00e9 comme seul indicateur de la qualit\u00e9 de l\u2019air, car l\u2019air est surtout pollu\u00e9 par la production d\u2019odeurs de cuisine. Dans un auditoire, par contre, le CO<sub>2<\/sub> gst un bon indicateur de la qualit\u00e9 de l\u2019air.<\/p>\n<h2 id=\"jt7.9.1\">7.9.1 Capteurs de CO<sub>2<\/sub><\/h2>\n<p>Notre respiration produit du CO<sub>2<\/sub>, dont la quantit\u00e9 peut augmenter dans les pi\u00e8ces non suffisamment ventil\u00e9es. La teneur en CO<sub>2<\/sub> de l\u2019air int\u00e9rieur est un indicateur de la qualit\u00e9 de l\u2019air int\u00e9rieur, les personnes repr\u00e9sentant la principale source de pollution. M\u00eame en faibles concentrations, entre 800 et 2000\u2006ppm\u00a0CO<sub>2<\/sub>, il peut causer une g\u00eane et l\u2019air int\u00e9rieur peut \u00eatre \u00e9valu\u00e9 comme \u00e9tant de mauvaise qualit\u00e9 <span class=\"tooltips \" style=\"\" title=\"Documentation D 0179: Energie aus dem Unter-grund, 2003, SIA Zurich\"><span class=\"tooltip-custom-em\">[37]<\/span><\/span>.<\/p>\n<p>La mesure du CO<sub>2<\/sub> peut s\u2019effectuer de fa\u00e7on \u00e9lectrochimique ou \u00e0 l\u2019aide d\u2019une combinaison d\u2019une diode IR et d\u2019un d\u00e9tecteur IR (Illustr.\u200634).<\/p>\n<div><img decoding=\"async\" id=\"abb34\" class=\"img-em\" src=\"\/images\/em\/abb-34-Messgeraet-zur-Messung-von-CO2.jpg\" alt=\"Messger\u00e4t zur Messung von CO2, CO, Lufttemperatur und Luftfeuchte\" \/><\/div>\n<p><span class=\"bildlegende-em\">Illustr. 34: Appareil pour la mesure du CO<sub>2<\/sub>, du CO, de la temp\u00e9rature de l\u2019air et de l\u2019humidit\u00e9 de l\u2019air<\/span><br \/>\n<span class=\"quelle-em\">Fluke Deutschland GmbH<\/span><\/p>\n<h2 id=\"jt7.9.2\">7.9.2 Capteurs de COV\/capteurs de m\u00e9lange gazeux<\/h2>\n<p>Les capteurs de COV mesurent la concentration en COV (compos\u00e9s organiques volatils) dans l\u2019air. Les COV sont un indicateur de gaz combustibles tels que la fum\u00e9e de tabac, les odeurs corporelles et les \u00e9manations de mat\u00e9riaux <span class=\"tooltips \" style=\"\" title=\"Documentation D 0190: Utilisation de la chaleur du sol par des ouvrages de fondation et de sout\u00e8nement en b\u00e9ton \u2013 Guide pour la conception, la r\u00e9alisation et la maintenance, 2005, SIA Zurich\"><span class=\"tooltip-custom-em\">[38]<\/span><\/span>.<\/p>\n<h2 id=\"jt7.9.3\">7.9.3 Compteurs de particules<\/h2>\n<p>Les compteurs de particules pour les espaces int\u00e9rieurs peuvent \u00eatre utilis\u00e9s pour v\u00e9rifier la qualit\u00e9 de filtres, pour mesurer la qualit\u00e9 de l\u2019air int\u00e9rieur dans des locaux industriels ou pour contr\u00f4ler la qualit\u00e9 de l\u2019air dans des salles blanches. Des appareils modernes permettent de mesurer la r\u00e9partition des particules selon leur taille. Les donn\u00e9es des \u00e9chantillons d\u2019air peuvent \u00eatre stock\u00e9es et lues afin de permettre leur traitement ult\u00e9rieur (Illustr.\u200635).<\/p>\n<div><img decoding=\"async\" id=\"abb35\" class=\"img-em\" src=\"\/images\/em\/abb-35-Messgeraet-zur-Messung-von-Partikeln.jpg\" alt=\"Messger\u00e4t zur Messung von Partikeln, Lufttemperatur und Luftfeuchte\" \/><\/div>\n<p><span class=\"bildlegende-em\">Illustr. 35: Appareil pour le comptage des\u00a0\u00adparticules, la mesure de la temp\u00e9rature de l\u2019air et\u00a0de l\u2019humidit\u00e9 de l\u2019air<\/span><br \/>\n<span class=\"quelle-em\">Fluke Deutschland GmbH<\/span><\/p>\n","protected":false},"excerpt":{"rendered":"<p>La mesure continue de la qualit\u00e9 de l\u2019air est la condition d\u2019une ventilation ambiante conforme aux besoins, qui permet d\u2019optimiser le confort et la consommation d\u2019\u00e9nergie. Le type de pollution de l\u2019air d\u00e9cide du capteur utilis\u00e9. Dans un restaurant par exemple, le CO2 ne peut pas \u00eatre utilis\u00e9 comme seul indicateur de la qualit\u00e9 de [&#8230;]<\/p>\n","protected":false},"author":1,"featured_media":0,"comment_status":"closed","ping_status":"closed","sticky":false,"template":"","format":"standard","meta":{"footnotes":""},"categories":[6],"tags":[],"class_list":["post-893","post","type-post","status-publish","format-standard","hentry","category-non-classifiee"],"_links":{"self":[{"href":"https:\/\/enbau-online.ch\/energiemanagement\/fr\/wp-json\/wp\/v2\/posts\/893","targetHints":{"allow":["GET"]}}],"collection":[{"href":"https:\/\/enbau-online.ch\/energiemanagement\/fr\/wp-json\/wp\/v2\/posts"}],"about":[{"href":"https:\/\/enbau-online.ch\/energiemanagement\/fr\/wp-json\/wp\/v2\/types\/post"}],"author":[{"embeddable":true,"href":"https:\/\/enbau-online.ch\/energiemanagement\/fr\/wp-json\/wp\/v2\/users\/1"}],"replies":[{"embeddable":true,"href":"https:\/\/enbau-online.ch\/energiemanagement\/fr\/wp-json\/wp\/v2\/comments?post=893"}],"version-history":[{"count":4,"href":"https:\/\/enbau-online.ch\/energiemanagement\/fr\/wp-json\/wp\/v2\/posts\/893\/revisions"}],"predecessor-version":[{"id":1443,"href":"https:\/\/enbau-online.ch\/energiemanagement\/fr\/wp-json\/wp\/v2\/posts\/893\/revisions\/1443"}],"wp:attachment":[{"href":"https:\/\/enbau-online.ch\/energiemanagement\/fr\/wp-json\/wp\/v2\/media?parent=893"}],"wp:term":[{"taxonomy":"category","embeddable":true,"href":"https:\/\/enbau-online.ch\/energiemanagement\/fr\/wp-json\/wp\/v2\/categories?post=893"},{"taxonomy":"post_tag","embeddable":true,"href":"https:\/\/enbau-online.ch\/energiemanagement\/fr\/wp-json\/wp\/v2\/tags?post=893"}],"curies":[{"name":"wp","href":"https:\/\/api.w.org\/{rel}","templated":true}]}}