{"id":901,"date":"2020-01-31T15:27:23","date_gmt":"2020-01-31T14:27:23","guid":{"rendered":"https:\/\/enbau-online.ch\/solararchitektur\/?p=901"},"modified":"2020-05-26T17:39:27","modified_gmt":"2020-05-26T15:39:27","slug":"casa-felice","status":"publish","type":"post","link":"https:\/\/enbau-online.ch\/solararchitektur\/casa-felice\/","title":{"rendered":"Einfamilienhaus Casa Felice, Sarn"},"content":{"rendered":"<h2>Ausgangslage<\/h2>\n<p>Die Bauherrschaft w\u00fcnschte sich ein archaisches, nach baubiologischen Kriterien gebautes Haus mit gutem Raumklima, das durch die Sonne beheizt wird und ganz wenig Technik ben\u00f6tigt. Das Grundst\u00fcck liegt auf rund 1400 m.\u2009\u00fc.\u2009M. in Bauzonenrandlage mit grossartigem Ausblick.<\/p>\n<h2>Konzept<\/h2>\n<p>Im Dachgeschoss des kleinen Turmhauses befindet sich ein Grossraum f\u00fcr Entr\u00e9e, B\u00fcro und Schlafzimmer mit Bad. Die Zimmereinteilung auf den Pl\u00e4nen wurde nicht realisiert. Das Obergeschoss umfasst eine offene K\u00fcche mit einem grossz\u00fcgigen Wohn-Ess-Bereich. Im Mehrzweckraum im Erdgeschoss steht ein kleiner, raumtemperaturgeregelter Pelletofen und ein unter der Treppe versteckter Luft-Wasser-W\u00e4rmepumpenboiler. Dieser benutzt das durch solaren Direktgewinn beheizte Haus als W\u00e4rmequelle. Reicht die solare W\u00e4rme nicht aus, kommt der Pelletofen zum Einsatz. Diese einfache L\u00f6sung hat bei gutem Nutzerverhalten ein grosses Sparpotenzial. Auf dem S\u00fcddach ist mit einem Leerrohr bereits der Anschluss f\u00fcr eine Photovoltaik\u00adanlage vorgesehen. Damit w\u00e4re das Haus dann ein Plusenergiegeb\u00e4ude.<\/p>\n<h2>Bauweise<\/h2>\n<p>Boden und W\u00e4nde im Erdgeschoss sind aus Sichtbeton. Unter der Bodenplatte liegen 45\u2009cm Altglasschaum (Misapor), die erdber\u00fchrten W\u00e4nde sind mit 24\u2009cm Schaumglas ged\u00e4mmt. Die beiden Obergeschosse bestehen aus einem innenliegenden Fichtestrickbau mit Massivholzdecken (Boden \u00fcber EG: 40\u2009mm Fichtedielen auf enger Balkenlage; Boden \u00fcber OG: enge Balkenlage mit 7\u2009cm Kalksandsteinauflage, Trennschicht und 40\u2009mm Fichtedielen). Das Erdgeschoss aus Beton und die Massivholzkonstruktion bilden den W\u00e4rmespeicher. Aus demselben Grund hat die Dachuntersicht eine vergr\u00f6sserte Oberfl\u00e4che. Wie die Absorptions- und Speicherberechnung zeigt, ist diese gerippte Holzspeicherdecke sehr effizient (siehe Beispiel Berechnung auf <a href=\"https:\/\/enbau-online.ch\/solararchitektur\/sonnenstrahlungseintrag-und-absorptionsleistung\/\">Seite 25\/26<\/a>). Gegen S\u00fcden und Osten sind Solardreifachverglasungen eingebaut (g-Wert = 65%, U-Wert = 0,7W\/(m<sup>2<\/sup>\u2009K)), die \u00fcbrigen Fenster sind konventionelle Dreifachverglasungen (g-Wert = 48%, U-Wert = 0,549 W\/(m<sup>2<\/sup>\u2009K)). Die Fenster sind Holzmetallrahmen mit einem Rahmen-U-Wert von 0,13W\/(m<sup>2<\/sup>\u2009K). Um die Satzung der Strickbauweise (ca. 4\u2009cm pro Stockwerk) aufnehmen zu k\u00f6nnen, sind die Fenster an einer gleitenden Rostung befestigt und nicht mit dem Strick verbunden. Auch die Sanit\u00e4rabwasserleitungen haben Schubmuffen, Wasserleitungen und Elektroinstallationen sind in der \u00e4usseren D\u00e4mmung flexibel verlegt (U-Wert = 0,15W\/(m<sup>2<\/sup> K); flexible Holzd\u00e4mmung). Ein Bereich der \u00e4us\u00adseren St\u00fclpschalung pro Stockwerk nimmt die Satzung auf. Eine \u00e4us\u00adsere Holzfaserplatte auf dem Schieberost bildet, zusammen mit den Fenstern, die Luftdichtigkeitsschicht.<\/p>\n<div class=\"table-1\">\n<table width=\"100%\">\n<thead>\n<tr>\n<th align=\"left\">Objektdaten<\/th>\n<th align=\"left\"><\/th>\n<\/tr>\n<\/thead>\n<tbody>\n<tr>\n<td align=\"left\">Baujahr<\/td>\n<td align=\"left\">2012<\/td>\n<\/tr>\n<tr>\n<td align=\"left\">Standort<\/td>\n<td align=\"left\">Sarn GR<\/td>\n<\/tr>\n<tr>\n<td align=\"left\">Anzahl Wohnungen<\/td>\n<td align=\"left\">1<\/td>\n<\/tr>\n<tr>\n<td align=\"left\">Grundst\u00fccksfl\u00e4che<\/td>\n<td align=\"left\">507 m\u00b2<\/td>\n<\/tr>\n<tr>\n<td align=\"left\">Geb\u00e4udevolumen SIA 416<\/td>\n<td align=\"left\">426 m\u00b3<\/td>\n<\/tr>\n<tr>\n<td align=\"left\">Energiebezugsfl\u00e4che (korrigiert)<\/td>\n<td align=\"left\">142 m\u00b2<\/td>\n<\/tr>\n<tr>\n<td align=\"left\">Spezifische Speicherf\u00e4higkeit SIA 380\/1<\/td>\n<td align=\"left\">siehe Speicher- und Absorptionsberechnung S. 28<\/td>\n<\/tr>\n<tr>\n<td align=\"left\">Energieverbrauch W\u00e4rme (Heizung und Warmwasser)<\/td>\n<td align=\"left\">750 kg\u2009\u2013\u2009900 kg Pellets inkl. Warmwasser<\/td>\n<\/tr>\n<tr>\n<td align=\"left\">Projektverfasser<\/td>\n<td align=\"left\">Andrea R\u00fcedi, Chur<\/td>\n<\/tr>\n<\/tbody>\n<\/table>\n<\/div>\n<h2>Energieverbrauch<\/h2>\n<p>F\u00fcr eine Raumtemperatur von mindestens 22\u00b0C sowie der Erzeugung von \u00b2\u2044\u00b3 des Warmwassers wurden im Haus pro Jahr zwischen 750 kg und 900 kg Pellets (50 bis 60 S\u00e4cke Pellets \u00e0 15 kg) verbrannt. Der Elektroverbrauch liegt bei rund 2600 kWh\/a, inklusive Strom f\u00fcr den W\u00e4rmepumpenboiler.<\/p>\n<p>&nbsp;<\/p>\n<div id=\"bild-hle-3-7\" class=\"img-hle\"><img decoding=\"async\" class=\"wp-image-92 size-full alignnone\" src=\"https:\/\/enbau-online.ch\/solararchitektur\/wp-content\/uploads\/sites\/7\/2019\/10\/141031_sarn_110.png\" alt=\"\" width=\"931\" height=\"691\" srcset=\"https:\/\/enbau-online.ch\/solararchitektur\/wp-content\/uploads\/sites\/7\/2019\/10\/141031_sarn_110-200x148.png 200w, https:\/\/enbau-online.ch\/solararchitektur\/wp-content\/uploads\/sites\/7\/2019\/10\/141031_sarn_110-300x223.png 300w, https:\/\/enbau-online.ch\/solararchitektur\/wp-content\/uploads\/sites\/7\/2019\/10\/141031_sarn_110-400x297.png 400w, https:\/\/enbau-online.ch\/solararchitektur\/wp-content\/uploads\/sites\/7\/2019\/10\/141031_sarn_110-600x445.png 600w, https:\/\/enbau-online.ch\/solararchitektur\/wp-content\/uploads\/sites\/7\/2019\/10\/141031_sarn_110-768x570.png 768w, https:\/\/enbau-online.ch\/solararchitektur\/wp-content\/uploads\/sites\/7\/2019\/10\/141031_sarn_110-800x594.png 800w, https:\/\/enbau-online.ch\/solararchitektur\/wp-content\/uploads\/sites\/7\/2019\/10\/141031_sarn_110.png 931w\" sizes=\"(max-width: 931px) 100vw, 931px\" \/><\/div>\n<div class=\"bildlegende-hle\">Abbildung 82: Sicht auf die S\u00fcdfassade mit \u00e4usseren Knickarmstoren und Segel f\u00fcr den Sommerbetrieb (Bild: Patrick K\u00e4lin).<\/div>\n<p>&nbsp;<\/p>\n<div id=\"bild-hle-3-7\" class=\"img-hle\"><img decoding=\"async\" class=\"wp-image-86 size-full alignnone\" src=\"https:\/\/enbau-online.ch\/solararchitektur\/wp-content\/uploads\/sites\/7\/2019\/10\/141031_sarn_008.png\" alt=\"\" width=\"931\" height=\"677\" srcset=\"https:\/\/enbau-online.ch\/solararchitektur\/wp-content\/uploads\/sites\/7\/2019\/10\/141031_sarn_008-200x145.png 200w, https:\/\/enbau-online.ch\/solararchitektur\/wp-content\/uploads\/sites\/7\/2019\/10\/141031_sarn_008-300x218.png 300w, https:\/\/enbau-online.ch\/solararchitektur\/wp-content\/uploads\/sites\/7\/2019\/10\/141031_sarn_008-400x291.png 400w, https:\/\/enbau-online.ch\/solararchitektur\/wp-content\/uploads\/sites\/7\/2019\/10\/141031_sarn_008-600x436.png 600w, https:\/\/enbau-online.ch\/solararchitektur\/wp-content\/uploads\/sites\/7\/2019\/10\/141031_sarn_008-768x558.png 768w, https:\/\/enbau-online.ch\/solararchitektur\/wp-content\/uploads\/sites\/7\/2019\/10\/141031_sarn_008-800x582.png 800w, https:\/\/enbau-online.ch\/solararchitektur\/wp-content\/uploads\/sites\/7\/2019\/10\/141031_sarn_008.png 931w\" sizes=\"(max-width: 931px) 100vw, 931px\" \/><\/div>\n<div class=\"bildlegende-hle\">Abbildung 83: Ansicht von Nordosten (Bild: Patrick K\u00e4lin).<\/div>\n<p>&nbsp;<\/p>\n<div id=\"bild-hle-3-7\" class=\"img-hle\"><img decoding=\"async\" class=\"wp-image-89 size-full alignnone\" src=\"https:\/\/enbau-online.ch\/solararchitektur\/wp-content\/uploads\/sites\/7\/2019\/10\/141031_sarn_072.png\" alt=\"\" width=\"931\" height=\"677\" srcset=\"https:\/\/enbau-online.ch\/solararchitektur\/wp-content\/uploads\/sites\/7\/2019\/10\/141031_sarn_072-200x145.png 200w, https:\/\/enbau-online.ch\/solararchitektur\/wp-content\/uploads\/sites\/7\/2019\/10\/141031_sarn_072-300x218.png 300w, https:\/\/enbau-online.ch\/solararchitektur\/wp-content\/uploads\/sites\/7\/2019\/10\/141031_sarn_072-400x291.png 400w, https:\/\/enbau-online.ch\/solararchitektur\/wp-content\/uploads\/sites\/7\/2019\/10\/141031_sarn_072-600x436.png 600w, https:\/\/enbau-online.ch\/solararchitektur\/wp-content\/uploads\/sites\/7\/2019\/10\/141031_sarn_072-768x558.png 768w, https:\/\/enbau-online.ch\/solararchitektur\/wp-content\/uploads\/sites\/7\/2019\/10\/141031_sarn_072-800x582.png 800w, https:\/\/enbau-online.ch\/solararchitektur\/wp-content\/uploads\/sites\/7\/2019\/10\/141031_sarn_072.png 931w\" sizes=\"(max-width: 931px) 100vw, 931px\" \/><\/div>\n<div class=\"bildlegende-hle\">Abbildung 84: Talsicht \u00fcber die S\u00fcdostecke. Die Massivholzinnen\u00adfl\u00e4chen mit der feinteiligen Balkenlage mit Kalksandsteinauflage (Bild: Patrick K\u00e4lin).<\/div>\n<p>&nbsp;<\/p>\n<div id=\"bild-hle-3-7\" class=\"img-hle\"><img decoding=\"async\" class=\"wp-image-287 size-full alignnone\" src=\"https:\/\/enbau-online.ch\/solararchitektur\/wp-content\/uploads\/sites\/7\/2019\/10\/DSC07222.png\" alt=\"\" width=\"931\" height=\"691\" srcset=\"https:\/\/enbau-online.ch\/solararchitektur\/wp-content\/uploads\/sites\/7\/2019\/10\/DSC07222-200x148.png 200w, https:\/\/enbau-online.ch\/solararchitektur\/wp-content\/uploads\/sites\/7\/2019\/10\/DSC07222-300x223.png 300w, https:\/\/enbau-online.ch\/solararchitektur\/wp-content\/uploads\/sites\/7\/2019\/10\/DSC07222-400x297.png 400w, https:\/\/enbau-online.ch\/solararchitektur\/wp-content\/uploads\/sites\/7\/2019\/10\/DSC07222-600x445.png 600w, https:\/\/enbau-online.ch\/solararchitektur\/wp-content\/uploads\/sites\/7\/2019\/10\/DSC07222-768x570.png 768w, https:\/\/enbau-online.ch\/solararchitektur\/wp-content\/uploads\/sites\/7\/2019\/10\/DSC07222-800x594.png 800w, https:\/\/enbau-online.ch\/solararchitektur\/wp-content\/uploads\/sites\/7\/2019\/10\/DSC07222.png 931w\" sizes=\"(max-width: 931px) 100vw, 931px\" \/><\/div>\n<div class=\"bildlegende-hle\">Abbildung 85: Der gleitende, \u00e4ussere St\u00e4nder f\u00fcr die Aufnahme der Satzung.<\/div>\n<p>&nbsp;<\/p>\n<div id=\"bild-hle-3-7\" class=\"img-hle\"><img decoding=\"async\" class=\"alignnone wp-image-963 size-fusion-600\" src=\"https:\/\/enbau-online.ch\/solararchitektur\/wp-content\/uploads\/sites\/7\/2020\/03\/Abb86-Grundriss-Obergeschoss-600x574.png\" alt=\"\" width=\"600\" height=\"574\" srcset=\"https:\/\/enbau-online.ch\/solararchitektur\/wp-content\/uploads\/sites\/7\/2020\/03\/Abb86-Grundriss-Obergeschoss-200x191.png 200w, https:\/\/enbau-online.ch\/solararchitektur\/wp-content\/uploads\/sites\/7\/2020\/03\/Abb86-Grundriss-Obergeschoss-300x287.png 300w, https:\/\/enbau-online.ch\/solararchitektur\/wp-content\/uploads\/sites\/7\/2020\/03\/Abb86-Grundriss-Obergeschoss-400x383.png 400w, https:\/\/enbau-online.ch\/solararchitektur\/wp-content\/uploads\/sites\/7\/2020\/03\/Abb86-Grundriss-Obergeschoss-600x574.png 600w, https:\/\/enbau-online.ch\/solararchitektur\/wp-content\/uploads\/sites\/7\/2020\/03\/Abb86-Grundriss-Obergeschoss-768x735.png 768w, https:\/\/enbau-online.ch\/solararchitektur\/wp-content\/uploads\/sites\/7\/2020\/03\/Abb86-Grundriss-Obergeschoss-800x765.png 800w, https:\/\/enbau-online.ch\/solararchitektur\/wp-content\/uploads\/sites\/7\/2020\/03\/Abb86-Grundriss-Obergeschoss-1024x980.png 1024w, https:\/\/enbau-online.ch\/solararchitektur\/wp-content\/uploads\/sites\/7\/2020\/03\/Abb86-Grundriss-Obergeschoss-1200x1148.png 1200w, https:\/\/enbau-online.ch\/solararchitektur\/wp-content\/uploads\/sites\/7\/2020\/03\/Abb86-Grundriss-Obergeschoss.png 1436w\" sizes=\"(max-width: 600px) 100vw, 600px\" \/><\/div>\n<div class=\"bildlegende-hle\">Abbildung 86: Grundriss Obergeschoss.<\/div>\n<p>&nbsp;<\/p>\n<div id=\"bild-hle-3-7\" class=\"img-hle\"><img decoding=\"async\" class=\"alignnone wp-image-972 size-fusion-600\" src=\"https:\/\/enbau-online.ch\/solararchitektur\/wp-content\/uploads\/sites\/7\/2020\/03\/Abb87-Grundriss-Dachgeschoss-600x717.png\" alt=\"\" width=\"600\" height=\"717\" srcset=\"https:\/\/enbau-online.ch\/solararchitektur\/wp-content\/uploads\/sites\/7\/2020\/03\/Abb87-Grundriss-Dachgeschoss-200x239.png 200w, https:\/\/enbau-online.ch\/solararchitektur\/wp-content\/uploads\/sites\/7\/2020\/03\/Abb87-Grundriss-Dachgeschoss-251x300.png 251w, https:\/\/enbau-online.ch\/solararchitektur\/wp-content\/uploads\/sites\/7\/2020\/03\/Abb87-Grundriss-Dachgeschoss-400x478.png 400w, https:\/\/enbau-online.ch\/solararchitektur\/wp-content\/uploads\/sites\/7\/2020\/03\/Abb87-Grundriss-Dachgeschoss-600x717.png 600w, https:\/\/enbau-online.ch\/solararchitektur\/wp-content\/uploads\/sites\/7\/2020\/03\/Abb87-Grundriss-Dachgeschoss-768x918.png 768w, https:\/\/enbau-online.ch\/solararchitektur\/wp-content\/uploads\/sites\/7\/2020\/03\/Abb87-Grundriss-Dachgeschoss-800x956.png 800w, https:\/\/enbau-online.ch\/solararchitektur\/wp-content\/uploads\/sites\/7\/2020\/03\/Abb87-Grundriss-Dachgeschoss-857x1024.png 857w, https:\/\/enbau-online.ch\/solararchitektur\/wp-content\/uploads\/sites\/7\/2020\/03\/Abb87-Grundriss-Dachgeschoss-1200x1435.png 1200w, https:\/\/enbau-online.ch\/solararchitektur\/wp-content\/uploads\/sites\/7\/2020\/03\/Abb87-Grundriss-Dachgeschoss-1285x1536.png 1285w, https:\/\/enbau-online.ch\/solararchitektur\/wp-content\/uploads\/sites\/7\/2020\/03\/Abb87-Grundriss-Dachgeschoss.png 1524w\" sizes=\"(max-width: 600px) 100vw, 600px\" \/><\/div>\n<div class=\"bildlegende-hle\">Abbildung 87: Grundriss Dachgeschoss.<\/div>\n<p>&nbsp;<\/p>\n<div id=\"bild-hle-3-7\" class=\"img-hle\"><img decoding=\"async\" class=\"alignnone wp-image-969 size-fusion-600\" src=\"https:\/\/enbau-online.ch\/solararchitektur\/wp-content\/uploads\/sites\/7\/2020\/03\/Abb88-Grundriss-Erdgeschoss-600x720.png\" alt=\"\" width=\"600\" height=\"720\" srcset=\"https:\/\/enbau-online.ch\/solararchitektur\/wp-content\/uploads\/sites\/7\/2020\/03\/Abb88-Grundriss-Erdgeschoss-200x240.png 200w, https:\/\/enbau-online.ch\/solararchitektur\/wp-content\/uploads\/sites\/7\/2020\/03\/Abb88-Grundriss-Erdgeschoss-250x300.png 250w, https:\/\/enbau-online.ch\/solararchitektur\/wp-content\/uploads\/sites\/7\/2020\/03\/Abb88-Grundriss-Erdgeschoss-400x480.png 400w, https:\/\/enbau-online.ch\/solararchitektur\/wp-content\/uploads\/sites\/7\/2020\/03\/Abb88-Grundriss-Erdgeschoss-600x720.png 600w, https:\/\/enbau-online.ch\/solararchitektur\/wp-content\/uploads\/sites\/7\/2020\/03\/Abb88-Grundriss-Erdgeschoss-768x922.png 768w, https:\/\/enbau-online.ch\/solararchitektur\/wp-content\/uploads\/sites\/7\/2020\/03\/Abb88-Grundriss-Erdgeschoss-800x960.png 800w, https:\/\/enbau-online.ch\/solararchitektur\/wp-content\/uploads\/sites\/7\/2020\/03\/Abb88-Grundriss-Erdgeschoss-853x1024.png 853w, https:\/\/enbau-online.ch\/solararchitektur\/wp-content\/uploads\/sites\/7\/2020\/03\/Abb88-Grundriss-Erdgeschoss-1200x1441.png 1200w, https:\/\/enbau-online.ch\/solararchitektur\/wp-content\/uploads\/sites\/7\/2020\/03\/Abb88-Grundriss-Erdgeschoss-1279x1536.png 1279w, https:\/\/enbau-online.ch\/solararchitektur\/wp-content\/uploads\/sites\/7\/2020\/03\/Abb88-Grundriss-Erdgeschoss.png 1456w\" sizes=\"(max-width: 600px) 100vw, 600px\" \/><\/div>\n<div class=\"bildlegende-hle\">Abbildung 88: Grundriss Erdgeschoss.<\/div>\n<p>&nbsp;<\/p>\n<div id=\"bild-hle-3-7\" class=\"img-hle\"><img decoding=\"async\" class=\"alignnone wp-image-966 size-fusion-600\" src=\"https:\/\/enbau-online.ch\/solararchitektur\/wp-content\/uploads\/sites\/7\/2020\/03\/Abb89-Schnitt-600x664.png\" alt=\"\" width=\"600\" height=\"664\" srcset=\"https:\/\/enbau-online.ch\/solararchitektur\/wp-content\/uploads\/sites\/7\/2020\/03\/Abb89-Schnitt-200x221.png 200w, https:\/\/enbau-online.ch\/solararchitektur\/wp-content\/uploads\/sites\/7\/2020\/03\/Abb89-Schnitt-271x300.png 271w, https:\/\/enbau-online.ch\/solararchitektur\/wp-content\/uploads\/sites\/7\/2020\/03\/Abb89-Schnitt-400x443.png 400w, https:\/\/enbau-online.ch\/solararchitektur\/wp-content\/uploads\/sites\/7\/2020\/03\/Abb89-Schnitt-600x664.png 600w, https:\/\/enbau-online.ch\/solararchitektur\/wp-content\/uploads\/sites\/7\/2020\/03\/Abb89-Schnitt-768x850.png 768w, https:\/\/enbau-online.ch\/solararchitektur\/wp-content\/uploads\/sites\/7\/2020\/03\/Abb89-Schnitt-800x886.png 800w, https:\/\/enbau-online.ch\/solararchitektur\/wp-content\/uploads\/sites\/7\/2020\/03\/Abb89-Schnitt-925x1024.png 925w, https:\/\/enbau-online.ch\/solararchitektur\/wp-content\/uploads\/sites\/7\/2020\/03\/Abb89-Schnitt-1200x1329.png 1200w, https:\/\/enbau-online.ch\/solararchitektur\/wp-content\/uploads\/sites\/7\/2020\/03\/Abb89-Schnitt-1387x1536.png 1387w, https:\/\/enbau-online.ch\/solararchitektur\/wp-content\/uploads\/sites\/7\/2020\/03\/Abb89-Schnitt.png 1640w\" sizes=\"(max-width: 600px) 100vw, 600px\" \/><\/div>\n<div class=\"bildlegende-hle\">Abbildung 89: Schnitt.<\/div>\n","protected":false},"excerpt":{"rendered":"<p>Ausgangslage Die Bauherrschaft w\u00fcnschte sich ein archaisches, nach baubiologischen Kriterien gebautes Haus mit gutem Raumklima, das durch die Sonne beheizt wird und ganz wenig Technik ben\u00f6tigt. Das Grundst\u00fcck liegt auf rund 1400 m.\u2009\u00fc.\u2009M. in Bauzonenrandlage mit grossartigem Ausblick. Konzept Im Dachgeschoss des kleinen Turmhauses befindet sich ein Grossraum f\u00fcr Entr\u00e9e, B\u00fcro und Schlafzimmer mit Bad. [&#8230;]<\/p>\n","protected":false},"author":1,"featured_media":0,"comment_status":"open","ping_status":"closed","sticky":false,"template":"","format":"standard","meta":{"footnotes":""},"categories":[1],"tags":[],"class_list":["post-901","post","type-post","status-publish","format-standard","hentry","category-unkategorisiert"],"_links":{"self":[{"href":"https:\/\/enbau-online.ch\/solararchitektur\/wp-json\/wp\/v2\/posts\/901","targetHints":{"allow":["GET"]}}],"collection":[{"href":"https:\/\/enbau-online.ch\/solararchitektur\/wp-json\/wp\/v2\/posts"}],"about":[{"href":"https:\/\/enbau-online.ch\/solararchitektur\/wp-json\/wp\/v2\/types\/post"}],"author":[{"embeddable":true,"href":"https:\/\/enbau-online.ch\/solararchitektur\/wp-json\/wp\/v2\/users\/1"}],"replies":[{"embeddable":true,"href":"https:\/\/enbau-online.ch\/solararchitektur\/wp-json\/wp\/v2\/comments?post=901"}],"version-history":[{"count":12,"href":"https:\/\/enbau-online.ch\/solararchitektur\/wp-json\/wp\/v2\/posts\/901\/revisions"}],"predecessor-version":[{"id":1233,"href":"https:\/\/enbau-online.ch\/solararchitektur\/wp-json\/wp\/v2\/posts\/901\/revisions\/1233"}],"wp:attachment":[{"href":"https:\/\/enbau-online.ch\/solararchitektur\/wp-json\/wp\/v2\/media?parent=901"}],"wp:term":[{"taxonomy":"category","embeddable":true,"href":"https:\/\/enbau-online.ch\/solararchitektur\/wp-json\/wp\/v2\/categories?post=901"},{"taxonomy":"post_tag","embeddable":true,"href":"https:\/\/enbau-online.ch\/solararchitektur\/wp-json\/wp\/v2\/tags?post=901"}],"curies":[{"name":"wp","href":"https:\/\/api.w.org\/{rel}","templated":true}]}}